{"id":2675,"date":"2021-05-23T22:50:53","date_gmt":"2021-05-23T20:50:53","guid":{"rendered":"https:\/\/agora-humanite.org\/?p=2675"},"modified":"2021-05-23T23:20:28","modified_gmt":"2021-05-23T21:20:28","slug":"en-cordee-a-liege-vers-lautre-sommet-mondial-de-la-sante","status":"publish","type":"post","link":"https:\/\/agora-humanite.org\/es\/en-cordee-a-liege-vers-lautre-sommet-mondial-de-la-sante\/","title":{"rendered":"En cord\u00e9e, \u00e0 Li\u00e8ge, vers l&#8217;autre sommet mondial de la sant\u00e9!"},"content":{"rendered":"<p class=\"qtranxs-available-languages-message qtranxs-available-languages-message-es\"><span class=\"qtrmessage\">Disculpa, pero esta entrada est\u00e1 disponible s\u00f3lo en <a href=\"https:\/\/agora-humanite.org\/fr\/wp-json\/wp\/v2\/posts\/2675\" class=\"qtranxs-available-language-link qtranxs-available-language-link-fr\" title=\"FR\">FR<\/a>.<\/span><\/p><p>Le 18 mai 2021 \u00e0 Li\u00e8ge sur la Montagne de Bueren, et \u00e0 Bruxelles aux pieds du Palais de Justice, des membres et partenaires de l&#8217;Agora des Habitants de la Terre se sont mis en cord\u00e9e: Global Health needs Public Pharma!<\/p>\n<p><a href=\"https:\/\/agora-humanite.org\/en-cordee-le-18-mai-actions-a-liege-et-a-bruxelles\/\">Revendications<\/a><\/p>","protected":false},"excerpt":{"rendered":"<p>Disculpa, pero esta entrada est\u00e1 disponible s\u00f3lo en FR.Le 18 mai 2021 \u00e0 Li\u00e8ge sur la Montagne de Bueren, et \u00e0 Bruxelles aux pieds du Palais de Justice, des membres et partenaires de l&#8217;Agora des Habitants de la Terre se sont mis en cord\u00e9e: Global Health needs Public Pharma! Revendications<\/p>\n","protected":false},"author":3,"featured_media":0,"comment_status":"closed","ping_status":"closed","sticky":false,"template":"","format":"standard","meta":{"footnotes":""},"categories":[96,62,80],"tags":[],"chapitres":[85],"structures":[92],"class_list":["post-2675","post","type-post","status-publish","format-standard","hentry","category-actions","category-sante","category-vaccin","chapitres-belgique","structures-videos"],"_links":{"self":[{"href":"https:\/\/agora-humanite.org\/es\/wp-json\/wp\/v2\/posts\/2675"}],"collection":[{"href":"https:\/\/agora-humanite.org\/es\/wp-json\/wp\/v2\/posts"}],"about":[{"href":"https:\/\/agora-humanite.org\/es\/wp-json\/wp\/v2\/types\/post"}],"author":[{"embeddable":true,"href":"https:\/\/agora-humanite.org\/es\/wp-json\/wp\/v2\/users\/3"}],"replies":[{"embeddable":true,"href":"https:\/\/agora-humanite.org\/es\/wp-json\/wp\/v2\/comments?post=2675"}],"version-history":[{"count":2,"href":"https:\/\/agora-humanite.org\/es\/wp-json\/wp\/v2\/posts\/2675\/revisions"}],"predecessor-version":[{"id":2679,"href":"https:\/\/agora-humanite.org\/es\/wp-json\/wp\/v2\/posts\/2675\/revisions\/2679"}],"wp:attachment":[{"href":"https:\/\/agora-humanite.org\/es\/wp-json\/wp\/v2\/media?parent=2675"}],"wp:term":[{"taxonomy":"category","embeddable":true,"href":"https:\/\/agora-humanite.org\/es\/wp-json\/wp\/v2\/categories?post=2675"},{"taxonomy":"post_tag","embeddable":true,"href":"https:\/\/agora-humanite.org\/es\/wp-json\/wp\/v2\/tags?post=2675"},{"taxonomy":"chapitres","embeddable":true,"href":"https:\/\/agora-humanite.org\/es\/wp-json\/wp\/v2\/chapitres?post=2675"},{"taxonomy":"structures","embeddable":true,"href":"https:\/\/agora-humanite.org\/es\/wp-json\/wp\/v2\/structures?post=2675"}],"curies":[{"name":"wp","href":"https:\/\/api.w.org\/{rel}","templated":true}]}}